{"id":466,"date":"2017-04-19T07:44:00","date_gmt":"2017-04-19T07:44:00","guid":{"rendered":"https:\/\/uipba.org.ar\/?p=466"},"modified":"2022-03-19T07:46:04","modified_gmt":"2022-03-19T07:46:04","slug":"jornada-pyme-en-la-union-industrial-de-escobar","status":"publish","type":"post","link":"https:\/\/uipba.org.ar\/raiz\/jornada-pyme-en-la-union-industrial-de-escobar\/","title":{"rendered":"Jornada PYME en la Uni\u00f3n Industrial de Escobar"},"content":{"rendered":"\n<p>La Uni\u00f3n Industrial de la provincia de Buenos Aires organiz\u00f3 conjuntamente con la Uni\u00f3n Industrial de Escobar la jornada que se denomin\u00f3 \u00abJornada de Difusi\u00f3n de Herramientas PyME\u00bb<\/p>\n\n\n\n<p>La Uni\u00f3n Industrial de la provincia de Buenos Aires (UIPBA) organiz\u00f3 conjuntamente con la Uni\u00f3n Industrial de Escobar (UIDE) la jornada que se denomin\u00f3 \u00abJornada de Difusi\u00f3n de Herramientas PyME\u00bb en el parque CIP de la localidad de Gar\u00edn. La apertura institucional del evento cont\u00f3 con la participaci\u00f3n del intendente de dicha localidad, Ariel Sujarchuk, el presidente de UIPBA, Mario Gualtieri, el Secretario de UIPBA y presidente de UIDE, Marcos Viallar&nbsp;y el presidente del parque industrial CIPO, Mariano Castagnaro.<\/p>\n\n\n\n<p>Como es habitual en este tipo de jornadas que est\u00e1 realizando UIPBA con todos sus socios, se presentaron herramientas y beneficios disponibles para las industrias pymes, entre ellos dar a conocer los beneficios de la Ley Pyme nacional, l\u00edneas de fianciamiento del BICE y del Programa de Transformaci\u00f3n Productiva del ministerio de Producci\u00f3n de la Naci\u00f3n.&nbsp;<\/p>\n\n\n\n<p>Lo m\u00e1s de 100 participantes de la jornada, pudieron interactuar con los funcionarios que presentaron las respectivas herramientas y de este modo seguimos articulando sector p\u00fablico y privado en pos de lbeneficio de la industria de la provincia de Buenos Aires.&nbsp;<\/p>\n","protected":false},"excerpt":{"rendered":"<p>La Uni\u00f3n Industrial de la provincia de Buenos Aires organiz\u00f3 conjuntamente con la Uni\u00f3n Industrial de Escobar la jornada que se denomin\u00f3 \u00abJornada de Difusi\u00f3n de Herramientas PyME\u00bb La Uni\u00f3n &#8230; <a title=\"Jornada PYME en la Uni\u00f3n Industrial de Escobar\" class=\"read-more\" href=\"https:\/\/uipba.org.ar\/raiz\/jornada-pyme-en-la-union-industrial-de-escobar\/\" aria-label=\"M\u00e1s en Jornada PYME en la Uni\u00f3n Industrial de Escobar\">Leer m\u00e1s<\/a><\/p>\n","protected":false},"author":1,"featured_media":467,"comment_status":"open","ping_status":"open","sticky":false,"template":"","format":"standard","meta":{"_acf_changed":false,"footnotes":""},"categories":[11],"tags":[],"class_list":["post-466","post","type-post","status-publish","format-standard","has-post-thumbnail","hentry","category-novedades-uipba"],"acf":[],"yoast_head":"<!-- This site is optimized with the Yoast SEO plugin v25.2 - https:\/\/yoast.com\/wordpress\/plugins\/seo\/ -->\n<title>Jornada PYME en la Uni\u00f3n Industrial de Escobar - UIPBA<\/title>\n<meta name=\"robots\" content=\"index, follow, max-snippet:-1, max-image-preview:large, max-video-preview:-1\" \/>\n<link rel=\"canonical\" href=\"https:\/\/uipba.org.ar\/raiz\/jornada-pyme-en-la-union-industrial-de-escobar\/\" \/>\n<meta property=\"og:locale\" content=\"es_ES\" \/>\n<meta property=\"og:type\" content=\"article\" \/>\n<meta property=\"og:title\" content=\"Jornada PYME en la Uni\u00f3n Industrial de Escobar - UIPBA\" \/>\n<meta property=\"og:description\" content=\"La Uni\u00f3n Industrial de la provincia de Buenos Aires organiz\u00f3 conjuntamente con la Uni\u00f3n Industrial de Escobar la jornada que se denomin\u00f3 \u00abJornada de Difusi\u00f3n de Herramientas PyME\u00bb La Uni\u00f3n ... Leer m\u00e1s\" \/>\n<meta property=\"og:url\" content=\"https:\/\/uipba.org.ar\/raiz\/jornada-pyme-en-la-union-industrial-de-escobar\/\" \/>\n<meta property=\"og:site_name\" content=\"UIPBA\" \/>\n<meta property=\"article:published_time\" content=\"2017-04-19T07:44:00+00:00\" \/>\n<meta property=\"article:modified_time\" content=\"2022-03-19T07:46:04+00:00\" \/>\n<meta property=\"og:image\" content=\"https:\/\/uipba.org.ar\/raiz\/wp-content\/uploads\/2022\/03\/novedades_30_.jpg\" \/>\n\t<meta property=\"og:image:width\" content=\"747\" \/>\n\t<meta property=\"og:image:height\" content=\"418\" \/>\n\t<meta property=\"og:image:type\" content=\"image\/jpeg\" \/>\n<meta name=\"author\" content=\"uipba\" \/>\n<meta name=\"twitter:card\" content=\"summary_large_image\" \/>\n<meta name=\"twitter:label1\" content=\"Escrito por\" \/>\n\t<meta name=\"twitter:data1\" content=\"uipba\" \/>\n\t<meta name=\"twitter:label2\" content=\"Tiempo de lectura\" \/>\n\t<meta name=\"twitter:data2\" content=\"1 minuto\" \/>\n<script type=\"application\/ld+json\" class=\"yoast-schema-graph\">{\"@context\":\"https:\/\/schema.org\",\"@graph\":[{\"@type\":\"WebPage\",\"@id\":\"https:\/\/uipba.org.ar\/raiz\/jornada-pyme-en-la-union-industrial-de-escobar\/\",\"url\":\"https:\/\/uipba.org.ar\/raiz\/jornada-pyme-en-la-union-industrial-de-escobar\/\",\"name\":\"Jornada PYME en la Uni\u00f3n Industrial de Escobar - UIPBA\",\"isPartOf\":{\"@id\":\"https:\/\/uipba.org.ar\/raiz\/#website\"},\"primaryImageOfPage\":{\"@id\":\"https:\/\/uipba.org.ar\/raiz\/jornada-pyme-en-la-union-industrial-de-escobar\/#primaryimage\"},\"image\":{\"@id\":\"https:\/\/uipba.org.ar\/raiz\/jornada-pyme-en-la-union-industrial-de-escobar\/#primaryimage\"},\"thumbnailUrl\":\"https:\/\/uipba.org.ar\/raiz\/wp-content\/uploads\/2022\/03\/novedades_30_.jpg\",\"datePublished\":\"2017-04-19T07:44:00+00:00\",\"dateModified\":\"2022-03-19T07:46:04+00:00\",\"author\":{\"@id\":\"https:\/\/uipba.org.ar\/raiz\/#\/schema\/person\/6d96996c17bf9a7daee07e91116c6980\"},\"breadcrumb\":{\"@id\":\"https:\/\/uipba.org.ar\/raiz\/jornada-pyme-en-la-union-industrial-de-escobar\/#breadcrumb\"},\"inLanguage\":\"es\",\"potentialAction\":[{\"@type\":\"ReadAction\",\"target\":[\"https:\/\/uipba.org.ar\/raiz\/jornada-pyme-en-la-union-industrial-de-escobar\/\"]}]},{\"@type\":\"ImageObject\",\"inLanguage\":\"es\",\"@id\":\"https:\/\/uipba.org.ar\/raiz\/jornada-pyme-en-la-union-industrial-de-escobar\/#primaryimage\",\"url\":\"https:\/\/uipba.org.ar\/raiz\/wp-content\/uploads\/2022\/03\/novedades_30_.jpg\",\"contentUrl\":\"https:\/\/uipba.org.ar\/raiz\/wp-content\/uploads\/2022\/03\/novedades_30_.jpg\",\"width\":747,\"height\":418},{\"@type\":\"BreadcrumbList\",\"@id\":\"https:\/\/uipba.org.ar\/raiz\/jornada-pyme-en-la-union-industrial-de-escobar\/#breadcrumb\",\"itemListElement\":[{\"@type\":\"ListItem\",\"position\":1,\"name\":\"Inicio\",\"item\":\"https:\/\/uipba.org.ar\/raiz\/\"},{\"@type\":\"ListItem\",\"position\":2,\"name\":\"Jornada PYME en la Uni\u00f3n Industrial de Escobar\"}]},{\"@type\":\"WebSite\",\"@id\":\"https:\/\/uipba.org.ar\/raiz\/#website\",\"url\":\"https:\/\/uipba.org.ar\/raiz\/\",\"name\":\"UIPBA\",\"description\":\"Uni\u00f3n industrial de la provincia de Buenos Aires\",\"potentialAction\":[{\"@type\":\"SearchAction\",\"target\":{\"@type\":\"EntryPoint\",\"urlTemplate\":\"https:\/\/uipba.org.ar\/raiz\/?s={search_term_string}\"},\"query-input\":{\"@type\":\"PropertyValueSpecification\",\"valueRequired\":true,\"valueName\":\"search_term_string\"}}],\"inLanguage\":\"es\"},{\"@type\":\"Person\",\"@id\":\"https:\/\/uipba.org.ar\/raiz\/#\/schema\/person\/6d96996c17bf9a7daee07e91116c6980\",\"name\":\"uipba\",\"image\":{\"@type\":\"ImageObject\",\"inLanguage\":\"es\",\"@id\":\"https:\/\/uipba.org.ar\/raiz\/#\/schema\/person\/image\/\",\"url\":\"https:\/\/secure.gravatar.com\/avatar\/f132ba1b1a5a3d6f3cb6529cef071eedff6082ffed6f37fb7fbbf8dde5dedb6e?s=96&d=mm&r=g\",\"contentUrl\":\"https:\/\/secure.gravatar.com\/avatar\/f132ba1b1a5a3d6f3cb6529cef071eedff6082ffed6f37fb7fbbf8dde5dedb6e?s=96&d=mm&r=g\",\"caption\":\"uipba\"},\"sameAs\":[\"https:\/\/uipba.org.ar\/raiz\"],\"url\":\"https:\/\/uipba.org.ar\/raiz\/author\/uipba\/\"}]}<\/script>\n<!-- \/ Yoast SEO plugin. -->","yoast_head_json":{"title":"Jornada PYME en la Uni\u00f3n Industrial de Escobar - UIPBA","robots":{"index":"index","follow":"follow","max-snippet":"max-snippet:-1","max-image-preview":"max-image-preview:large","max-video-preview":"max-video-preview:-1"},"canonical":"https:\/\/uipba.org.ar\/raiz\/jornada-pyme-en-la-union-industrial-de-escobar\/","og_locale":"es_ES","og_type":"article","og_title":"Jornada PYME en la Uni\u00f3n Industrial de Escobar - UIPBA","og_description":"La Uni\u00f3n Industrial de la provincia de Buenos Aires organiz\u00f3 conjuntamente con la Uni\u00f3n Industrial de Escobar la jornada que se denomin\u00f3 \u00abJornada de Difusi\u00f3n de Herramientas PyME\u00bb La Uni\u00f3n ... Leer m\u00e1s","og_url":"https:\/\/uipba.org.ar\/raiz\/jornada-pyme-en-la-union-industrial-de-escobar\/","og_site_name":"UIPBA","article_published_time":"2017-04-19T07:44:00+00:00","article_modified_time":"2022-03-19T07:46:04+00:00","og_image":[{"width":747,"height":418,"url":"https:\/\/uipba.org.ar\/raiz\/wp-content\/uploads\/2022\/03\/novedades_30_.jpg","type":"image\/jpeg"}],"author":"uipba","twitter_card":"summary_large_image","twitter_misc":{"Escrito por":"uipba","Tiempo de lectura":"1 minuto"},"schema":{"@context":"https:\/\/schema.org","@graph":[{"@type":"WebPage","@id":"https:\/\/uipba.org.ar\/raiz\/jornada-pyme-en-la-union-industrial-de-escobar\/","url":"https:\/\/uipba.org.ar\/raiz\/jornada-pyme-en-la-union-industrial-de-escobar\/","name":"Jornada PYME en la Uni\u00f3n Industrial de Escobar - UIPBA","isPartOf":{"@id":"https:\/\/uipba.org.ar\/raiz\/#website"},"primaryImageOfPage":{"@id":"https:\/\/uipba.org.ar\/raiz\/jornada-pyme-en-la-union-industrial-de-escobar\/#primaryimage"},"image":{"@id":"https:\/\/uipba.org.ar\/raiz\/jornada-pyme-en-la-union-industrial-de-escobar\/#primaryimage"},"thumbnailUrl":"https:\/\/uipba.org.ar\/raiz\/wp-content\/uploads\/2022\/03\/novedades_30_.jpg","datePublished":"2017-04-19T07:44:00+00:00","dateModified":"2022-03-19T07:46:04+00:00","author":{"@id":"https:\/\/uipba.org.ar\/raiz\/#\/schema\/person\/6d96996c17bf9a7daee07e91116c6980"},"breadcrumb":{"@id":"https:\/\/uipba.org.ar\/raiz\/jornada-pyme-en-la-union-industrial-de-escobar\/#breadcrumb"},"inLanguage":"es","potentialAction":[{"@type":"ReadAction","target":["https:\/\/uipba.org.ar\/raiz\/jornada-pyme-en-la-union-industrial-de-escobar\/"]}]},{"@type":"ImageObject","inLanguage":"es","@id":"https:\/\/uipba.org.ar\/raiz\/jornada-pyme-en-la-union-industrial-de-escobar\/#primaryimage","url":"https:\/\/uipba.org.ar\/raiz\/wp-content\/uploads\/2022\/03\/novedades_30_.jpg","contentUrl":"https:\/\/uipba.org.ar\/raiz\/wp-content\/uploads\/2022\/03\/novedades_30_.jpg","width":747,"height":418},{"@type":"BreadcrumbList","@id":"https:\/\/uipba.org.ar\/raiz\/jornada-pyme-en-la-union-industrial-de-escobar\/#breadcrumb","itemListElement":[{"@type":"ListItem","position":1,"name":"Inicio","item":"https:\/\/uipba.org.ar\/raiz\/"},{"@type":"ListItem","position":2,"name":"Jornada PYME en la Uni\u00f3n Industrial de Escobar"}]},{"@type":"WebSite","@id":"https:\/\/uipba.org.ar\/raiz\/#website","url":"https:\/\/uipba.org.ar\/raiz\/","name":"UIPBA","description":"Uni\u00f3n industrial de la provincia de Buenos Aires","potentialAction":[{"@type":"SearchAction","target":{"@type":"EntryPoint","urlTemplate":"https:\/\/uipba.org.ar\/raiz\/?s={search_term_string}"},"query-input":{"@type":"PropertyValueSpecification","valueRequired":true,"valueName":"search_term_string"}}],"inLanguage":"es"},{"@type":"Person","@id":"https:\/\/uipba.org.ar\/raiz\/#\/schema\/person\/6d96996c17bf9a7daee07e91116c6980","name":"uipba","image":{"@type":"ImageObject","inLanguage":"es","@id":"https:\/\/uipba.org.ar\/raiz\/#\/schema\/person\/image\/","url":"https:\/\/secure.gravatar.com\/avatar\/f132ba1b1a5a3d6f3cb6529cef071eedff6082ffed6f37fb7fbbf8dde5dedb6e?s=96&d=mm&r=g","contentUrl":"https:\/\/secure.gravatar.com\/avatar\/f132ba1b1a5a3d6f3cb6529cef071eedff6082ffed6f37fb7fbbf8dde5dedb6e?s=96&d=mm&r=g","caption":"uipba"},"sameAs":["https:\/\/uipba.org.ar\/raiz"],"url":"https:\/\/uipba.org.ar\/raiz\/author\/uipba\/"}]}},"_links":{"self":[{"href":"https:\/\/uipba.org.ar\/raiz\/wp-json\/wp\/v2\/posts\/466","targetHints":{"allow":["GET"]}}],"collection":[{"href":"https:\/\/uipba.org.ar\/raiz\/wp-json\/wp\/v2\/posts"}],"about":[{"href":"https:\/\/uipba.org.ar\/raiz\/wp-json\/wp\/v2\/types\/post"}],"author":[{"embeddable":true,"href":"https:\/\/uipba.org.ar\/raiz\/wp-json\/wp\/v2\/users\/1"}],"replies":[{"embeddable":true,"href":"https:\/\/uipba.org.ar\/raiz\/wp-json\/wp\/v2\/comments?post=466"}],"version-history":[{"count":1,"href":"https:\/\/uipba.org.ar\/raiz\/wp-json\/wp\/v2\/posts\/466\/revisions"}],"predecessor-version":[{"id":468,"href":"https:\/\/uipba.org.ar\/raiz\/wp-json\/wp\/v2\/posts\/466\/revisions\/468"}],"wp:featuredmedia":[{"embeddable":true,"href":"https:\/\/uipba.org.ar\/raiz\/wp-json\/wp\/v2\/media\/467"}],"wp:attachment":[{"href":"https:\/\/uipba.org.ar\/raiz\/wp-json\/wp\/v2\/media?parent=466"}],"wp:term":[{"taxonomy":"category","embeddable":true,"href":"https:\/\/uipba.org.ar\/raiz\/wp-json\/wp\/v2\/categories?post=466"},{"taxonomy":"post_tag","embeddable":true,"href":"https:\/\/uipba.org.ar\/raiz\/wp-json\/wp\/v2\/tags?post=466"}],"curies":[{"name":"wp","href":"https:\/\/api.w.org\/{rel}","templated":true}]}}