{"id":526,"date":"2017-06-15T08:20:00","date_gmt":"2017-06-15T08:20:00","guid":{"rendered":"https:\/\/uipba.org.ar\/?p=526"},"modified":"2022-03-19T08:21:42","modified_gmt":"2022-03-19T08:21:42","slug":"comprometidos-con-la-erradicacion-del-trabajo-infantil","status":"publish","type":"post","link":"https:\/\/uipba.org.ar\/raiz\/comprometidos-con-la-erradicacion-del-trabajo-infantil\/","title":{"rendered":"Comprometidos con la erradicaci\u00f3n del Trabajo Infantil"},"content":{"rendered":"\n<p>El presidente de UIPBA, Mario Gualtieri, particip\u00f3 del lanzamiento de la Comisi\u00f3n Provincial para la Prevenci\u00f3n y Erradicaci\u00f3n del Trabajo Infantil (COPRETI)<\/p>\n\n\n\n<p>El presidente de UIPBA, Mario Gualtieri, particip\u00f3 del lanzamiento de la Comisi\u00f3n Provincial para la Prevenci\u00f3n y Erradicaci\u00f3n del Trabajo Infantil (COPRETI), perteneciente al Ministerio de Trabajo de la provincia de Buenos Aires que conduce Marcelo Villegas. Si bien esta Comisi\u00f3n viene trabajando hace ya m\u00e1s de una a\u00f1o con actividades concretas en los terriotorios, se hizo la presentaci\u00f3n en sociedad, donde nuestra entidad firm\u00f3 un act\u00e1 compromiso para trabajar en linea con lo propuesto por la COPRETI. Este acuerdo fue rubricado por el Subsecretario de Empleo, Juan Pablo Fern\u00e1ndez Funes y nuestro presidente.<\/p>\n\n\n\n<p>Adem\u00e1s tambi\u00e9n participaron entidades productivas pertenecientes a otros sectores, entidades gremiales, cooperativas y municipios de la provincia de Buenos Aires.<\/p>\n","protected":false},"excerpt":{"rendered":"<p>El presidente de UIPBA, Mario Gualtieri, particip\u00f3 del lanzamiento de la Comisi\u00f3n Provincial para la Prevenci\u00f3n y Erradicaci\u00f3n del Trabajo Infantil (COPRETI) El presidente de UIPBA, Mario Gualtieri, particip\u00f3 del &#8230; <a title=\"Comprometidos con la erradicaci\u00f3n del Trabajo Infantil\" class=\"read-more\" href=\"https:\/\/uipba.org.ar\/raiz\/comprometidos-con-la-erradicacion-del-trabajo-infantil\/\" aria-label=\"M\u00e1s en Comprometidos con la erradicaci\u00f3n del Trabajo Infantil\">Leer m\u00e1s<\/a><\/p>\n","protected":false},"author":1,"featured_media":527,"comment_status":"open","ping_status":"open","sticky":false,"template":"","format":"standard","meta":{"_acf_changed":false,"footnotes":""},"categories":[25,17],"tags":[],"class_list":["post-526","post","type-post","status-publish","format-standard","has-post-thumbnail","hentry","category-departamentos","category-legislacion-y-politica-productiva"],"acf":[],"yoast_head":"<!-- This site is optimized with the Yoast SEO plugin v25.2 - https:\/\/yoast.com\/wordpress\/plugins\/seo\/ -->\n<title>Comprometidos con la erradicaci\u00f3n del Trabajo Infantil - UIPBA<\/title>\n<meta name=\"robots\" content=\"index, follow, max-snippet:-1, max-image-preview:large, max-video-preview:-1\" \/>\n<link rel=\"canonical\" href=\"https:\/\/uipba.org.ar\/raiz\/comprometidos-con-la-erradicacion-del-trabajo-infantil\/\" \/>\n<meta property=\"og:locale\" content=\"es_ES\" \/>\n<meta property=\"og:type\" content=\"article\" \/>\n<meta property=\"og:title\" content=\"Comprometidos con la erradicaci\u00f3n del Trabajo Infantil - UIPBA\" \/>\n<meta property=\"og:description\" content=\"El presidente de UIPBA, Mario Gualtieri, particip\u00f3 del lanzamiento de la Comisi\u00f3n Provincial para la Prevenci\u00f3n y Erradicaci\u00f3n del Trabajo Infantil (COPRETI) El presidente de UIPBA, Mario Gualtieri, particip\u00f3 del ... Leer m\u00e1s\" \/>\n<meta property=\"og:url\" content=\"https:\/\/uipba.org.ar\/raiz\/comprometidos-con-la-erradicacion-del-trabajo-infantil\/\" \/>\n<meta property=\"og:site_name\" content=\"UIPBA\" \/>\n<meta property=\"article:published_time\" content=\"2017-06-15T08:20:00+00:00\" \/>\n<meta property=\"article:modified_time\" content=\"2022-03-19T08:21:42+00:00\" \/>\n<meta property=\"og:image\" content=\"https:\/\/uipba.org.ar\/raiz\/wp-content\/uploads\/2022\/03\/novedades_45_.jpg\" \/>\n\t<meta property=\"og:image:width\" content=\"1280\" \/>\n\t<meta property=\"og:image:height\" content=\"960\" \/>\n\t<meta property=\"og:image:type\" content=\"image\/jpeg\" \/>\n<meta name=\"author\" content=\"uipba\" \/>\n<meta name=\"twitter:card\" content=\"summary_large_image\" \/>\n<meta name=\"twitter:label1\" content=\"Escrito por\" \/>\n\t<meta name=\"twitter:data1\" content=\"uipba\" \/>\n\t<meta name=\"twitter:label2\" content=\"Tiempo de lectura\" \/>\n\t<meta name=\"twitter:data2\" content=\"1 minuto\" \/>\n<script type=\"application\/ld+json\" class=\"yoast-schema-graph\">{\"@context\":\"https:\/\/schema.org\",\"@graph\":[{\"@type\":\"WebPage\",\"@id\":\"https:\/\/uipba.org.ar\/raiz\/comprometidos-con-la-erradicacion-del-trabajo-infantil\/\",\"url\":\"https:\/\/uipba.org.ar\/raiz\/comprometidos-con-la-erradicacion-del-trabajo-infantil\/\",\"name\":\"Comprometidos con la erradicaci\u00f3n del Trabajo Infantil - UIPBA\",\"isPartOf\":{\"@id\":\"https:\/\/uipba.org.ar\/raiz\/#website\"},\"primaryImageOfPage\":{\"@id\":\"https:\/\/uipba.org.ar\/raiz\/comprometidos-con-la-erradicacion-del-trabajo-infantil\/#primaryimage\"},\"image\":{\"@id\":\"https:\/\/uipba.org.ar\/raiz\/comprometidos-con-la-erradicacion-del-trabajo-infantil\/#primaryimage\"},\"thumbnailUrl\":\"https:\/\/uipba.org.ar\/raiz\/wp-content\/uploads\/2022\/03\/novedades_45_.jpg\",\"datePublished\":\"2017-06-15T08:20:00+00:00\",\"dateModified\":\"2022-03-19T08:21:42+00:00\",\"author\":{\"@id\":\"https:\/\/uipba.org.ar\/raiz\/#\/schema\/person\/6d96996c17bf9a7daee07e91116c6980\"},\"breadcrumb\":{\"@id\":\"https:\/\/uipba.org.ar\/raiz\/comprometidos-con-la-erradicacion-del-trabajo-infantil\/#breadcrumb\"},\"inLanguage\":\"es\",\"potentialAction\":[{\"@type\":\"ReadAction\",\"target\":[\"https:\/\/uipba.org.ar\/raiz\/comprometidos-con-la-erradicacion-del-trabajo-infantil\/\"]}]},{\"@type\":\"ImageObject\",\"inLanguage\":\"es\",\"@id\":\"https:\/\/uipba.org.ar\/raiz\/comprometidos-con-la-erradicacion-del-trabajo-infantil\/#primaryimage\",\"url\":\"https:\/\/uipba.org.ar\/raiz\/wp-content\/uploads\/2022\/03\/novedades_45_.jpg\",\"contentUrl\":\"https:\/\/uipba.org.ar\/raiz\/wp-content\/uploads\/2022\/03\/novedades_45_.jpg\",\"width\":1280,\"height\":960},{\"@type\":\"BreadcrumbList\",\"@id\":\"https:\/\/uipba.org.ar\/raiz\/comprometidos-con-la-erradicacion-del-trabajo-infantil\/#breadcrumb\",\"itemListElement\":[{\"@type\":\"ListItem\",\"position\":1,\"name\":\"Inicio\",\"item\":\"https:\/\/uipba.org.ar\/raiz\/\"},{\"@type\":\"ListItem\",\"position\":2,\"name\":\"Comprometidos con la erradicaci\u00f3n del Trabajo Infantil\"}]},{\"@type\":\"WebSite\",\"@id\":\"https:\/\/uipba.org.ar\/raiz\/#website\",\"url\":\"https:\/\/uipba.org.ar\/raiz\/\",\"name\":\"UIPBA\",\"description\":\"Uni\u00f3n industrial de la provincia de Buenos Aires\",\"potentialAction\":[{\"@type\":\"SearchAction\",\"target\":{\"@type\":\"EntryPoint\",\"urlTemplate\":\"https:\/\/uipba.org.ar\/raiz\/?s={search_term_string}\"},\"query-input\":{\"@type\":\"PropertyValueSpecification\",\"valueRequired\":true,\"valueName\":\"search_term_string\"}}],\"inLanguage\":\"es\"},{\"@type\":\"Person\",\"@id\":\"https:\/\/uipba.org.ar\/raiz\/#\/schema\/person\/6d96996c17bf9a7daee07e91116c6980\",\"name\":\"uipba\",\"image\":{\"@type\":\"ImageObject\",\"inLanguage\":\"es\",\"@id\":\"https:\/\/uipba.org.ar\/raiz\/#\/schema\/person\/image\/\",\"url\":\"https:\/\/secure.gravatar.com\/avatar\/f132ba1b1a5a3d6f3cb6529cef071eedff6082ffed6f37fb7fbbf8dde5dedb6e?s=96&d=mm&r=g\",\"contentUrl\":\"https:\/\/secure.gravatar.com\/avatar\/f132ba1b1a5a3d6f3cb6529cef071eedff6082ffed6f37fb7fbbf8dde5dedb6e?s=96&d=mm&r=g\",\"caption\":\"uipba\"},\"sameAs\":[\"https:\/\/uipba.org.ar\/raiz\"],\"url\":\"https:\/\/uipba.org.ar\/raiz\/author\/uipba\/\"}]}<\/script>\n<!-- \/ Yoast SEO plugin. -->","yoast_head_json":{"title":"Comprometidos con la erradicaci\u00f3n del Trabajo Infantil - UIPBA","robots":{"index":"index","follow":"follow","max-snippet":"max-snippet:-1","max-image-preview":"max-image-preview:large","max-video-preview":"max-video-preview:-1"},"canonical":"https:\/\/uipba.org.ar\/raiz\/comprometidos-con-la-erradicacion-del-trabajo-infantil\/","og_locale":"es_ES","og_type":"article","og_title":"Comprometidos con la erradicaci\u00f3n del Trabajo Infantil - UIPBA","og_description":"El presidente de UIPBA, Mario Gualtieri, particip\u00f3 del lanzamiento de la Comisi\u00f3n Provincial para la Prevenci\u00f3n y Erradicaci\u00f3n del Trabajo Infantil (COPRETI) El presidente de UIPBA, Mario Gualtieri, particip\u00f3 del ... Leer m\u00e1s","og_url":"https:\/\/uipba.org.ar\/raiz\/comprometidos-con-la-erradicacion-del-trabajo-infantil\/","og_site_name":"UIPBA","article_published_time":"2017-06-15T08:20:00+00:00","article_modified_time":"2022-03-19T08:21:42+00:00","og_image":[{"width":1280,"height":960,"url":"https:\/\/uipba.org.ar\/raiz\/wp-content\/uploads\/2022\/03\/novedades_45_.jpg","type":"image\/jpeg"}],"author":"uipba","twitter_card":"summary_large_image","twitter_misc":{"Escrito por":"uipba","Tiempo de lectura":"1 minuto"},"schema":{"@context":"https:\/\/schema.org","@graph":[{"@type":"WebPage","@id":"https:\/\/uipba.org.ar\/raiz\/comprometidos-con-la-erradicacion-del-trabajo-infantil\/","url":"https:\/\/uipba.org.ar\/raiz\/comprometidos-con-la-erradicacion-del-trabajo-infantil\/","name":"Comprometidos con la erradicaci\u00f3n del Trabajo Infantil - UIPBA","isPartOf":{"@id":"https:\/\/uipba.org.ar\/raiz\/#website"},"primaryImageOfPage":{"@id":"https:\/\/uipba.org.ar\/raiz\/comprometidos-con-la-erradicacion-del-trabajo-infantil\/#primaryimage"},"image":{"@id":"https:\/\/uipba.org.ar\/raiz\/comprometidos-con-la-erradicacion-del-trabajo-infantil\/#primaryimage"},"thumbnailUrl":"https:\/\/uipba.org.ar\/raiz\/wp-content\/uploads\/2022\/03\/novedades_45_.jpg","datePublished":"2017-06-15T08:20:00+00:00","dateModified":"2022-03-19T08:21:42+00:00","author":{"@id":"https:\/\/uipba.org.ar\/raiz\/#\/schema\/person\/6d96996c17bf9a7daee07e91116c6980"},"breadcrumb":{"@id":"https:\/\/uipba.org.ar\/raiz\/comprometidos-con-la-erradicacion-del-trabajo-infantil\/#breadcrumb"},"inLanguage":"es","potentialAction":[{"@type":"ReadAction","target":["https:\/\/uipba.org.ar\/raiz\/comprometidos-con-la-erradicacion-del-trabajo-infantil\/"]}]},{"@type":"ImageObject","inLanguage":"es","@id":"https:\/\/uipba.org.ar\/raiz\/comprometidos-con-la-erradicacion-del-trabajo-infantil\/#primaryimage","url":"https:\/\/uipba.org.ar\/raiz\/wp-content\/uploads\/2022\/03\/novedades_45_.jpg","contentUrl":"https:\/\/uipba.org.ar\/raiz\/wp-content\/uploads\/2022\/03\/novedades_45_.jpg","width":1280,"height":960},{"@type":"BreadcrumbList","@id":"https:\/\/uipba.org.ar\/raiz\/comprometidos-con-la-erradicacion-del-trabajo-infantil\/#breadcrumb","itemListElement":[{"@type":"ListItem","position":1,"name":"Inicio","item":"https:\/\/uipba.org.ar\/raiz\/"},{"@type":"ListItem","position":2,"name":"Comprometidos con la erradicaci\u00f3n del Trabajo Infantil"}]},{"@type":"WebSite","@id":"https:\/\/uipba.org.ar\/raiz\/#website","url":"https:\/\/uipba.org.ar\/raiz\/","name":"UIPBA","description":"Uni\u00f3n industrial de la provincia de Buenos Aires","potentialAction":[{"@type":"SearchAction","target":{"@type":"EntryPoint","urlTemplate":"https:\/\/uipba.org.ar\/raiz\/?s={search_term_string}"},"query-input":{"@type":"PropertyValueSpecification","valueRequired":true,"valueName":"search_term_string"}}],"inLanguage":"es"},{"@type":"Person","@id":"https:\/\/uipba.org.ar\/raiz\/#\/schema\/person\/6d96996c17bf9a7daee07e91116c6980","name":"uipba","image":{"@type":"ImageObject","inLanguage":"es","@id":"https:\/\/uipba.org.ar\/raiz\/#\/schema\/person\/image\/","url":"https:\/\/secure.gravatar.com\/avatar\/f132ba1b1a5a3d6f3cb6529cef071eedff6082ffed6f37fb7fbbf8dde5dedb6e?s=96&d=mm&r=g","contentUrl":"https:\/\/secure.gravatar.com\/avatar\/f132ba1b1a5a3d6f3cb6529cef071eedff6082ffed6f37fb7fbbf8dde5dedb6e?s=96&d=mm&r=g","caption":"uipba"},"sameAs":["https:\/\/uipba.org.ar\/raiz"],"url":"https:\/\/uipba.org.ar\/raiz\/author\/uipba\/"}]}},"_links":{"self":[{"href":"https:\/\/uipba.org.ar\/raiz\/wp-json\/wp\/v2\/posts\/526","targetHints":{"allow":["GET"]}}],"collection":[{"href":"https:\/\/uipba.org.ar\/raiz\/wp-json\/wp\/v2\/posts"}],"about":[{"href":"https:\/\/uipba.org.ar\/raiz\/wp-json\/wp\/v2\/types\/post"}],"author":[{"embeddable":true,"href":"https:\/\/uipba.org.ar\/raiz\/wp-json\/wp\/v2\/users\/1"}],"replies":[{"embeddable":true,"href":"https:\/\/uipba.org.ar\/raiz\/wp-json\/wp\/v2\/comments?post=526"}],"version-history":[{"count":1,"href":"https:\/\/uipba.org.ar\/raiz\/wp-json\/wp\/v2\/posts\/526\/revisions"}],"predecessor-version":[{"id":528,"href":"https:\/\/uipba.org.ar\/raiz\/wp-json\/wp\/v2\/posts\/526\/revisions\/528"}],"wp:featuredmedia":[{"embeddable":true,"href":"https:\/\/uipba.org.ar\/raiz\/wp-json\/wp\/v2\/media\/527"}],"wp:attachment":[{"href":"https:\/\/uipba.org.ar\/raiz\/wp-json\/wp\/v2\/media?parent=526"}],"wp:term":[{"taxonomy":"category","embeddable":true,"href":"https:\/\/uipba.org.ar\/raiz\/wp-json\/wp\/v2\/categories?post=526"},{"taxonomy":"post_tag","embeddable":true,"href":"https:\/\/uipba.org.ar\/raiz\/wp-json\/wp\/v2\/tags?post=526"}],"curies":[{"name":"wp","href":"https:\/\/api.w.org\/{rel}","templated":true}]}}