{"id":567,"date":"2017-10-12T08:38:00","date_gmt":"2017-10-12T08:38:00","guid":{"rendered":"https:\/\/uipba.org.ar\/?p=567"},"modified":"2022-03-19T08:39:50","modified_gmt":"2022-03-19T08:39:50","slug":"uipba-llevo-la-agenda-tributaria-a-fossati","status":"publish","type":"post","link":"https:\/\/uipba.org.ar\/raiz\/uipba-llevo-la-agenda-tributaria-a-fossati\/","title":{"rendered":"UIPBA llev\u00f3 la agenda tributaria a Fossati"},"content":{"rendered":"\n<p class=\"wp-block-paragraph\">La UIPBA y ARBA crearon una Mesa de Di\u00e1logo Permanente para abordar la agenda tributaria industrial bonaerense<\/p>\n\n\n\n<p class=\"wp-block-paragraph\">El presidente de la Uni\u00f3n Industrial de la Provincia de Buenos Aires (UIPBA), Mario Gualtieri, y el director ejecutivo de la Agencia de Recaudaci\u00f3n de la provincia de Buenos Aires (ARBA), Gast\u00f3n Fossati, acordaron crear una Mesa de Di\u00e1logo Permanente con el objetivo de abordar la agenda de las industrias bonaerenses que permita recuperar competitividad a las f\u00e1bricas provinciales.<\/p>\n\n\n\n<p class=\"wp-block-paragraph\">El novedoso \u00e1mbito de intercambio servir\u00e1 para seguir los temas tributarios provinciales y generar una mejor articulaci\u00f3n con el sector productivo. Entre las tem\u00e1ticas planteadas en el punto de partida estar\u00e1n: la necesidad de actualizar el monto de facturaci\u00f3n anual para dejar fuera a las pymes; una solicitud de reducci\u00f3n o atenuaci\u00f3n de al\u00edcuotas; y la problem\u00e1tica de Saldos a favor; entre otros temas que se abordar\u00e1n en la Mesa de Di\u00e1logo.<\/p>\n\n\n\n<blockquote class=\"wp-block-quote is-layout-flow wp-block-quote-is-layout-flow\"><p>\u201cHemos tenido una reuni\u00f3n de gran nivel profesional, en la cual se generaron criterios de acuerdos macros en l\u00ednea con lo que el tejido industrial, b\u00e1sicamente pymes, necesitan en funci\u00f3n de Buenos Aires\u201d, afirm\u00f3 Gualtieri, al cierre del encuentro.<\/p><\/blockquote>\n\n\n\n<p class=\"wp-block-paragraph\">El presidente de la UIPBA adem\u00e1s sostuvo que encontr\u00f3 \u201cuna gran predisposici\u00f3n para abordar todos los temas de la agenda industrial, manifestando tambi\u00e9n las necesidades de recaudaci\u00f3n y que son prioridades para la provincia de Buenos Aires\u201d.<\/p>\n\n\n\n<p class=\"wp-block-paragraph\">\u201cUna vez m\u00e1s destaco al Departamento de Econom\u00eda, Pol\u00edtica Tributaria y Comercio, que est\u00e1 realizando un gran trabajo que produce nuestra entidad por el bien de las industrias de la provincia de Buenos Aires\u201d, enfatiz\u00f3 Gualtieri.<\/p>\n\n\n\n<p class=\"wp-block-paragraph\">Adem\u00e1s del titular de la UIPBA, del encuentro participaron los vicepresidentes de la entidad Aldo Esp\u00f3sito y Leonardo Rial; el director ejecutivo, Nicol\u00e1s Eli\u00e7abe; y el presidente del Departamento de Econom\u00eda, Pol\u00edtica Tributaria y Comercio, Alejandro Mart\u00ednez Villera.<\/p>\n","protected":false},"excerpt":{"rendered":"<p>La UIPBA y ARBA crearon una Mesa de Di\u00e1logo Permanente para abordar la agenda tributaria industrial bonaerense El presidente de la Uni\u00f3n Industrial de la Provincia de Buenos Aires (UIPBA), &#8230; <a title=\"UIPBA llev\u00f3 la agenda tributaria a Fossati\" class=\"read-more\" href=\"https:\/\/uipba.org.ar\/raiz\/uipba-llevo-la-agenda-tributaria-a-fossati\/\" aria-label=\"M\u00e1s en UIPBA llev\u00f3 la agenda tributaria a Fossati\">Leer m\u00e1s<\/a><\/p>\n","protected":false},"author":1,"featured_media":568,"comment_status":"open","ping_status":"open","sticky":false,"template":"","format":"standard","meta":{"_acf_changed":false,"footnotes":""},"categories":[25,18],"tags":[],"class_list":["post-567","post","type-post","status-publish","format-standard","has-post-thumbnail","hentry","category-departamentos","category-politica-tributaria"],"acf":[],"yoast_head":"<!-- This site is optimized with the Yoast SEO plugin v25.2 - https:\/\/yoast.com\/wordpress\/plugins\/seo\/ -->\n<title>UIPBA llev\u00f3 la agenda tributaria a Fossati - UIPBA<\/title>\n<meta name=\"robots\" content=\"index, follow, max-snippet:-1, max-image-preview:large, max-video-preview:-1\" \/>\n<link rel=\"canonical\" href=\"https:\/\/uipba.org.ar\/raiz\/uipba-llevo-la-agenda-tributaria-a-fossati\/\" \/>\n<meta property=\"og:locale\" content=\"es_ES\" \/>\n<meta property=\"og:type\" content=\"article\" \/>\n<meta property=\"og:title\" content=\"UIPBA llev\u00f3 la agenda tributaria a Fossati - UIPBA\" \/>\n<meta property=\"og:description\" content=\"La UIPBA y ARBA crearon una Mesa de Di\u00e1logo Permanente para abordar la agenda tributaria industrial bonaerense El presidente de la Uni\u00f3n Industrial de la Provincia de Buenos Aires (UIPBA), ... Leer m\u00e1s\" \/>\n<meta property=\"og:url\" content=\"https:\/\/uipba.org.ar\/raiz\/uipba-llevo-la-agenda-tributaria-a-fossati\/\" \/>\n<meta property=\"og:site_name\" content=\"UIPBA\" \/>\n<meta property=\"article:published_time\" content=\"2017-10-12T08:38:00+00:00\" \/>\n<meta property=\"article:modified_time\" content=\"2022-03-19T08:39:50+00:00\" \/>\n<meta property=\"og:image\" content=\"https:\/\/uipba.org.ar\/raiz\/wp-content\/uploads\/2022\/03\/novedades_60_.jpg\" \/>\n\t<meta property=\"og:image:width\" content=\"1024\" \/>\n\t<meta property=\"og:image:height\" content=\"682\" \/>\n\t<meta property=\"og:image:type\" content=\"image\/jpeg\" \/>\n<meta name=\"author\" content=\"uipba\" \/>\n<meta name=\"twitter:card\" content=\"summary_large_image\" \/>\n<meta name=\"twitter:label1\" content=\"Escrito por\" \/>\n\t<meta name=\"twitter:data1\" content=\"uipba\" \/>\n\t<meta name=\"twitter:label2\" content=\"Tiempo de lectura\" \/>\n\t<meta name=\"twitter:data2\" content=\"2 minutos\" \/>\n<script type=\"application\/ld+json\" class=\"yoast-schema-graph\">{\"@context\":\"https:\/\/schema.org\",\"@graph\":[{\"@type\":\"WebPage\",\"@id\":\"https:\/\/uipba.org.ar\/raiz\/uipba-llevo-la-agenda-tributaria-a-fossati\/\",\"url\":\"https:\/\/uipba.org.ar\/raiz\/uipba-llevo-la-agenda-tributaria-a-fossati\/\",\"name\":\"UIPBA llev\u00f3 la agenda tributaria a Fossati - UIPBA\",\"isPartOf\":{\"@id\":\"https:\/\/uipba.org.ar\/raiz\/#website\"},\"primaryImageOfPage\":{\"@id\":\"https:\/\/uipba.org.ar\/raiz\/uipba-llevo-la-agenda-tributaria-a-fossati\/#primaryimage\"},\"image\":{\"@id\":\"https:\/\/uipba.org.ar\/raiz\/uipba-llevo-la-agenda-tributaria-a-fossati\/#primaryimage\"},\"thumbnailUrl\":\"https:\/\/uipba.org.ar\/raiz\/wp-content\/uploads\/2022\/03\/novedades_60_.jpg\",\"datePublished\":\"2017-10-12T08:38:00+00:00\",\"dateModified\":\"2022-03-19T08:39:50+00:00\",\"author\":{\"@id\":\"https:\/\/uipba.org.ar\/raiz\/#\/schema\/person\/6d96996c17bf9a7daee07e91116c6980\"},\"breadcrumb\":{\"@id\":\"https:\/\/uipba.org.ar\/raiz\/uipba-llevo-la-agenda-tributaria-a-fossati\/#breadcrumb\"},\"inLanguage\":\"es\",\"potentialAction\":[{\"@type\":\"ReadAction\",\"target\":[\"https:\/\/uipba.org.ar\/raiz\/uipba-llevo-la-agenda-tributaria-a-fossati\/\"]}]},{\"@type\":\"ImageObject\",\"inLanguage\":\"es\",\"@id\":\"https:\/\/uipba.org.ar\/raiz\/uipba-llevo-la-agenda-tributaria-a-fossati\/#primaryimage\",\"url\":\"https:\/\/uipba.org.ar\/raiz\/wp-content\/uploads\/2022\/03\/novedades_60_.jpg\",\"contentUrl\":\"https:\/\/uipba.org.ar\/raiz\/wp-content\/uploads\/2022\/03\/novedades_60_.jpg\",\"width\":1024,\"height\":682},{\"@type\":\"BreadcrumbList\",\"@id\":\"https:\/\/uipba.org.ar\/raiz\/uipba-llevo-la-agenda-tributaria-a-fossati\/#breadcrumb\",\"itemListElement\":[{\"@type\":\"ListItem\",\"position\":1,\"name\":\"Inicio\",\"item\":\"https:\/\/uipba.org.ar\/raiz\/\"},{\"@type\":\"ListItem\",\"position\":2,\"name\":\"UIPBA llev\u00f3 la agenda tributaria a Fossati\"}]},{\"@type\":\"WebSite\",\"@id\":\"https:\/\/uipba.org.ar\/raiz\/#website\",\"url\":\"https:\/\/uipba.org.ar\/raiz\/\",\"name\":\"UIPBA\",\"description\":\"Uni\u00f3n industrial de la provincia de Buenos Aires\",\"potentialAction\":[{\"@type\":\"SearchAction\",\"target\":{\"@type\":\"EntryPoint\",\"urlTemplate\":\"https:\/\/uipba.org.ar\/raiz\/?s={search_term_string}\"},\"query-input\":{\"@type\":\"PropertyValueSpecification\",\"valueRequired\":true,\"valueName\":\"search_term_string\"}}],\"inLanguage\":\"es\"},{\"@type\":\"Person\",\"@id\":\"https:\/\/uipba.org.ar\/raiz\/#\/schema\/person\/6d96996c17bf9a7daee07e91116c6980\",\"name\":\"uipba\",\"image\":{\"@type\":\"ImageObject\",\"inLanguage\":\"es\",\"@id\":\"https:\/\/uipba.org.ar\/raiz\/#\/schema\/person\/image\/\",\"url\":\"https:\/\/secure.gravatar.com\/avatar\/f132ba1b1a5a3d6f3cb6529cef071eedff6082ffed6f37fb7fbbf8dde5dedb6e?s=96&d=mm&r=g\",\"contentUrl\":\"https:\/\/secure.gravatar.com\/avatar\/f132ba1b1a5a3d6f3cb6529cef071eedff6082ffed6f37fb7fbbf8dde5dedb6e?s=96&d=mm&r=g\",\"caption\":\"uipba\"},\"sameAs\":[\"https:\/\/uipba.org.ar\/raiz\"],\"url\":\"https:\/\/uipba.org.ar\/raiz\/author\/uipba\/\"}]}<\/script>\n<!-- \/ Yoast SEO plugin. -->","yoast_head_json":{"title":"UIPBA llev\u00f3 la agenda tributaria a Fossati - UIPBA","robots":{"index":"index","follow":"follow","max-snippet":"max-snippet:-1","max-image-preview":"max-image-preview:large","max-video-preview":"max-video-preview:-1"},"canonical":"https:\/\/uipba.org.ar\/raiz\/uipba-llevo-la-agenda-tributaria-a-fossati\/","og_locale":"es_ES","og_type":"article","og_title":"UIPBA llev\u00f3 la agenda tributaria a Fossati - UIPBA","og_description":"La UIPBA y ARBA crearon una Mesa de Di\u00e1logo Permanente para abordar la agenda tributaria industrial bonaerense El presidente de la Uni\u00f3n Industrial de la Provincia de Buenos Aires (UIPBA), ... Leer m\u00e1s","og_url":"https:\/\/uipba.org.ar\/raiz\/uipba-llevo-la-agenda-tributaria-a-fossati\/","og_site_name":"UIPBA","article_published_time":"2017-10-12T08:38:00+00:00","article_modified_time":"2022-03-19T08:39:50+00:00","og_image":[{"width":1024,"height":682,"url":"https:\/\/uipba.org.ar\/raiz\/wp-content\/uploads\/2022\/03\/novedades_60_.jpg","type":"image\/jpeg"}],"author":"uipba","twitter_card":"summary_large_image","twitter_misc":{"Escrito por":"uipba","Tiempo de lectura":"2 minutos"},"schema":{"@context":"https:\/\/schema.org","@graph":[{"@type":"WebPage","@id":"https:\/\/uipba.org.ar\/raiz\/uipba-llevo-la-agenda-tributaria-a-fossati\/","url":"https:\/\/uipba.org.ar\/raiz\/uipba-llevo-la-agenda-tributaria-a-fossati\/","name":"UIPBA llev\u00f3 la agenda tributaria a Fossati - UIPBA","isPartOf":{"@id":"https:\/\/uipba.org.ar\/raiz\/#website"},"primaryImageOfPage":{"@id":"https:\/\/uipba.org.ar\/raiz\/uipba-llevo-la-agenda-tributaria-a-fossati\/#primaryimage"},"image":{"@id":"https:\/\/uipba.org.ar\/raiz\/uipba-llevo-la-agenda-tributaria-a-fossati\/#primaryimage"},"thumbnailUrl":"https:\/\/uipba.org.ar\/raiz\/wp-content\/uploads\/2022\/03\/novedades_60_.jpg","datePublished":"2017-10-12T08:38:00+00:00","dateModified":"2022-03-19T08:39:50+00:00","author":{"@id":"https:\/\/uipba.org.ar\/raiz\/#\/schema\/person\/6d96996c17bf9a7daee07e91116c6980"},"breadcrumb":{"@id":"https:\/\/uipba.org.ar\/raiz\/uipba-llevo-la-agenda-tributaria-a-fossati\/#breadcrumb"},"inLanguage":"es","potentialAction":[{"@type":"ReadAction","target":["https:\/\/uipba.org.ar\/raiz\/uipba-llevo-la-agenda-tributaria-a-fossati\/"]}]},{"@type":"ImageObject","inLanguage":"es","@id":"https:\/\/uipba.org.ar\/raiz\/uipba-llevo-la-agenda-tributaria-a-fossati\/#primaryimage","url":"https:\/\/uipba.org.ar\/raiz\/wp-content\/uploads\/2022\/03\/novedades_60_.jpg","contentUrl":"https:\/\/uipba.org.ar\/raiz\/wp-content\/uploads\/2022\/03\/novedades_60_.jpg","width":1024,"height":682},{"@type":"BreadcrumbList","@id":"https:\/\/uipba.org.ar\/raiz\/uipba-llevo-la-agenda-tributaria-a-fossati\/#breadcrumb","itemListElement":[{"@type":"ListItem","position":1,"name":"Inicio","item":"https:\/\/uipba.org.ar\/raiz\/"},{"@type":"ListItem","position":2,"name":"UIPBA llev\u00f3 la agenda tributaria a Fossati"}]},{"@type":"WebSite","@id":"https:\/\/uipba.org.ar\/raiz\/#website","url":"https:\/\/uipba.org.ar\/raiz\/","name":"UIPBA","description":"Uni\u00f3n industrial de la provincia de Buenos Aires","potentialAction":[{"@type":"SearchAction","target":{"@type":"EntryPoint","urlTemplate":"https:\/\/uipba.org.ar\/raiz\/?s={search_term_string}"},"query-input":{"@type":"PropertyValueSpecification","valueRequired":true,"valueName":"search_term_string"}}],"inLanguage":"es"},{"@type":"Person","@id":"https:\/\/uipba.org.ar\/raiz\/#\/schema\/person\/6d96996c17bf9a7daee07e91116c6980","name":"uipba","image":{"@type":"ImageObject","inLanguage":"es","@id":"https:\/\/uipba.org.ar\/raiz\/#\/schema\/person\/image\/","url":"https:\/\/secure.gravatar.com\/avatar\/f132ba1b1a5a3d6f3cb6529cef071eedff6082ffed6f37fb7fbbf8dde5dedb6e?s=96&d=mm&r=g","contentUrl":"https:\/\/secure.gravatar.com\/avatar\/f132ba1b1a5a3d6f3cb6529cef071eedff6082ffed6f37fb7fbbf8dde5dedb6e?s=96&d=mm&r=g","caption":"uipba"},"sameAs":["https:\/\/uipba.org.ar\/raiz"],"url":"https:\/\/uipba.org.ar\/raiz\/author\/uipba\/"}]}},"_links":{"self":[{"href":"https:\/\/uipba.org.ar\/raiz\/wp-json\/wp\/v2\/posts\/567","targetHints":{"allow":["GET"]}}],"collection":[{"href":"https:\/\/uipba.org.ar\/raiz\/wp-json\/wp\/v2\/posts"}],"about":[{"href":"https:\/\/uipba.org.ar\/raiz\/wp-json\/wp\/v2\/types\/post"}],"author":[{"embeddable":true,"href":"https:\/\/uipba.org.ar\/raiz\/wp-json\/wp\/v2\/users\/1"}],"replies":[{"embeddable":true,"href":"https:\/\/uipba.org.ar\/raiz\/wp-json\/wp\/v2\/comments?post=567"}],"version-history":[{"count":1,"href":"https:\/\/uipba.org.ar\/raiz\/wp-json\/wp\/v2\/posts\/567\/revisions"}],"predecessor-version":[{"id":569,"href":"https:\/\/uipba.org.ar\/raiz\/wp-json\/wp\/v2\/posts\/567\/revisions\/569"}],"wp:featuredmedia":[{"embeddable":true,"href":"https:\/\/uipba.org.ar\/raiz\/wp-json\/wp\/v2\/media\/568"}],"wp:attachment":[{"href":"https:\/\/uipba.org.ar\/raiz\/wp-json\/wp\/v2\/media?parent=567"}],"wp:term":[{"taxonomy":"category","embeddable":true,"href":"https:\/\/uipba.org.ar\/raiz\/wp-json\/wp\/v2\/categories?post=567"},{"taxonomy":"post_tag","embeddable":true,"href":"https:\/\/uipba.org.ar\/raiz\/wp-json\/wp\/v2\/tags?post=567"}],"curies":[{"name":"wp","href":"https:\/\/api.w.org\/{rel}","templated":true}]}}