{"id":691,"date":"2018-04-19T21:19:00","date_gmt":"2018-04-19T21:19:00","guid":{"rendered":"https:\/\/uipba.org.ar\/?p=691"},"modified":"2022-03-19T21:20:28","modified_gmt":"2022-03-19T21:20:28","slug":"cuarta-exposicion-de-parques-industriales","status":"publish","type":"post","link":"https:\/\/uipba.org.ar\/raiz\/cuarta-exposicion-de-parques-industriales\/","title":{"rendered":"Cuarta Exposici\u00f3n de Parques Industriales"},"content":{"rendered":"\n<p>La feria industrial argentina, que se realizar\u00e1 el 17 y 18 de mayo, presentar\u00e1 Parques Industriales de varias regiones del pa\u00eds.<\/p>\n\n\n\n<p>Por cuarto a\u00f1o consecutivo, la Exposici\u00f3n de Parques Industriales de Buenos Aires (EPIBA), se instala como el evento argentino m\u00e1s destacado del sector de Parques Industriales, dirigido a todos aquellos empresarios industriales y emprendedores que buscan crecer en agrupamientos industriales en el pa\u00eds.<br>Se llevar\u00e1 a cabo los d\u00edas 17 y 18 de mayo en el Polo Industrial Ezeiza, a 30 minutos de la Ciudad de Buenos Aires. A nivel provincial cuenta con el apoyo de UIPBA y del Ministerio de Producci\u00f3n as\u00ed como en el \u00e1mbito nacional con el del Ministerio de Producci\u00f3n Nacional y de la Uni\u00f3n Industrial Argentina (UIA).<br>El evento, que en dos d\u00edas ofrece todas las soluciones para radicarse y crecer en Parques Industriales, sigue sumando interesados a nivel nacional. As\u00ed es el caso de esta cuarta edici\u00f3n, que, adem\u00e1s de los m\u00e1s de 80 Parques bonaerenses presentar\u00e1 agrupamientos de diversas provincias como Misiones, Catamarca y Santa Fe.<\/p>\n\n\n\n<p>\u201cEste a\u00f1o decidimos prever espacios espec\u00edficos para que otras provincias participen con sus agrupamientos industriales. La intenci\u00f3n es que cada una pueda mostrar tambi\u00e9n su potencial y, en conjunto, generar un espacio concentrado de todo el pa\u00eds\u201d, declar\u00f3 Mart\u00edn Rappallini, presidente de RedParques Industriales, asociaci\u00f3n organizadora de la Exposici\u00f3n. Asimismo, Rappallini agreg\u00f3: \u201cEste evento es un gran aporte al futuro de la industria en el pa\u00eds porque est\u00e1 en l\u00ednea con la tendencia mundial de un desarrollo urban\u00edstico e industrial sostenible\u201d.<\/p>\n\n\n\n<p>La EPIBA 2018 concentra toda la oferta de tierra disponible de agrupamientos privados, p\u00fablicos y mixtos, ya que cuenta con la presencia de m\u00e1s de 100 Parques Industriales. Adem\u00e1s la presencia de m\u00e1s de 200 stands hace que todas las dudas y consultas puedan despejarse durante los dos d\u00edas que dura la Exposici\u00f3n.<\/p>\n\n\n\n<p>D\u00edas y Horarios: 17 y 18 de mayo de 2018, de 9 a 18 hs.<br>Sede 2018: Polo Industrial Ezeiza, Buenos Aires (AU Ezeiza-Ca\u00f1uelas bajada Km. 41 Trist\u00e1n Su\u00e1rez)<br>M\u00e1s informaci\u00f3n: www.redparques.com.ar \/ www.epiba.com.ar<\/p>\n\n\n\n<p>Los Parques Industriales en n\u00fameros:<br>\u25cf 402 Parques Industriales en todo el pa\u00eds \/ 240 inscriptos en RENPI.<br>\u25cf 80% son P\u00fablicos.<br>\u25cf M\u00e1s de 150 se ubican en la Provincia de Buenos Aires (40%), en m\u00e1s de 4.000 hect\u00e1reas.<br>\u25cf 8.000 industrias radicadas en Parques en 2017 \/ 14% del pa\u00eds. Generan el 15% del empleo industrial (Min. Producci\u00f3n). 80% son Pymes.<br>\u25cf 20 mil empresas se estima que operan en zonas mixtas en GBA.<br>\u25cf Desde 45 a 200 US$ rondan los costos del m2 de la tierra industrial seg\u00fan la ubicaci\u00f3n y servicios.<br>\u25cf 18 de las 24 provincias argentinas tiene su ley de Parques.<br>\u25cf Naci\u00f3n destin\u00f3 m\u00e1s de 120 millones de pesos a infraestructura de 40 agrupamientos, 71% se concentr\u00f3 en Buenos Aires, C\u00f3rdoba, Santa Fe y Entre R\u00edos.<\/p>\n","protected":false},"excerpt":{"rendered":"<p>La feria industrial argentina, que se realizar\u00e1 el 17 y 18 de mayo, presentar\u00e1 Parques Industriales de varias regiones del pa\u00eds. Por cuarto a\u00f1o consecutivo, la Exposici\u00f3n de Parques Industriales &#8230; <a title=\"Cuarta Exposici\u00f3n de Parques Industriales\" class=\"read-more\" href=\"https:\/\/uipba.org.ar\/raiz\/cuarta-exposicion-de-parques-industriales\/\" aria-label=\"M\u00e1s en Cuarta Exposici\u00f3n de Parques Industriales\">Leer m\u00e1s<\/a><\/p>\n","protected":false},"author":1,"featured_media":692,"comment_status":"open","ping_status":"open","sticky":false,"template":"","format":"standard","meta":{"_acf_changed":false,"footnotes":""},"categories":[25,13],"tags":[],"class_list":["post-691","post","type-post","status-publish","format-standard","has-post-thumbnail","hentry","category-departamentos","category-infraestructura-y-parques-industriales"],"acf":[],"yoast_head":"<!-- This site is optimized with the Yoast SEO plugin v25.2 - https:\/\/yoast.com\/wordpress\/plugins\/seo\/ -->\n<title>Cuarta Exposici\u00f3n de Parques Industriales - UIPBA<\/title>\n<meta name=\"robots\" content=\"index, follow, max-snippet:-1, max-image-preview:large, max-video-preview:-1\" \/>\n<link rel=\"canonical\" href=\"https:\/\/uipba.org.ar\/raiz\/cuarta-exposicion-de-parques-industriales\/\" \/>\n<meta property=\"og:locale\" content=\"es_ES\" \/>\n<meta property=\"og:type\" content=\"article\" \/>\n<meta property=\"og:title\" content=\"Cuarta Exposici\u00f3n de Parques Industriales - UIPBA\" \/>\n<meta property=\"og:description\" content=\"La feria industrial argentina, que se realizar\u00e1 el 17 y 18 de mayo, presentar\u00e1 Parques Industriales de varias regiones del pa\u00eds. Por cuarto a\u00f1o consecutivo, la Exposici\u00f3n de Parques Industriales ... Leer m\u00e1s\" \/>\n<meta property=\"og:url\" content=\"https:\/\/uipba.org.ar\/raiz\/cuarta-exposicion-de-parques-industriales\/\" \/>\n<meta property=\"og:site_name\" content=\"UIPBA\" \/>\n<meta property=\"article:published_time\" content=\"2018-04-19T21:19:00+00:00\" \/>\n<meta property=\"article:modified_time\" content=\"2022-03-19T21:20:28+00:00\" \/>\n<meta property=\"og:image\" content=\"https:\/\/uipba.org.ar\/raiz\/wp-content\/uploads\/2022\/03\/Banner_para_redes.jpg\" \/>\n\t<meta property=\"og:image:width\" content=\"960\" \/>\n\t<meta property=\"og:image:height\" content=\"600\" \/>\n\t<meta property=\"og:image:type\" content=\"image\/jpeg\" \/>\n<meta name=\"author\" content=\"uipba\" \/>\n<meta name=\"twitter:card\" content=\"summary_large_image\" \/>\n<meta name=\"twitter:label1\" content=\"Escrito por\" \/>\n\t<meta name=\"twitter:data1\" content=\"uipba\" \/>\n\t<meta name=\"twitter:label2\" content=\"Tiempo de lectura\" \/>\n\t<meta name=\"twitter:data2\" content=\"2 minutos\" \/>\n<script type=\"application\/ld+json\" class=\"yoast-schema-graph\">{\"@context\":\"https:\/\/schema.org\",\"@graph\":[{\"@type\":\"WebPage\",\"@id\":\"https:\/\/uipba.org.ar\/raiz\/cuarta-exposicion-de-parques-industriales\/\",\"url\":\"https:\/\/uipba.org.ar\/raiz\/cuarta-exposicion-de-parques-industriales\/\",\"name\":\"Cuarta Exposici\u00f3n de Parques Industriales - UIPBA\",\"isPartOf\":{\"@id\":\"https:\/\/uipba.org.ar\/raiz\/#website\"},\"primaryImageOfPage\":{\"@id\":\"https:\/\/uipba.org.ar\/raiz\/cuarta-exposicion-de-parques-industriales\/#primaryimage\"},\"image\":{\"@id\":\"https:\/\/uipba.org.ar\/raiz\/cuarta-exposicion-de-parques-industriales\/#primaryimage\"},\"thumbnailUrl\":\"https:\/\/uipba.org.ar\/raiz\/wp-content\/uploads\/2022\/03\/Banner_para_redes.jpg\",\"datePublished\":\"2018-04-19T21:19:00+00:00\",\"dateModified\":\"2022-03-19T21:20:28+00:00\",\"author\":{\"@id\":\"https:\/\/uipba.org.ar\/raiz\/#\/schema\/person\/6d96996c17bf9a7daee07e91116c6980\"},\"breadcrumb\":{\"@id\":\"https:\/\/uipba.org.ar\/raiz\/cuarta-exposicion-de-parques-industriales\/#breadcrumb\"},\"inLanguage\":\"es\",\"potentialAction\":[{\"@type\":\"ReadAction\",\"target\":[\"https:\/\/uipba.org.ar\/raiz\/cuarta-exposicion-de-parques-industriales\/\"]}]},{\"@type\":\"ImageObject\",\"inLanguage\":\"es\",\"@id\":\"https:\/\/uipba.org.ar\/raiz\/cuarta-exposicion-de-parques-industriales\/#primaryimage\",\"url\":\"https:\/\/uipba.org.ar\/raiz\/wp-content\/uploads\/2022\/03\/Banner_para_redes.jpg\",\"contentUrl\":\"https:\/\/uipba.org.ar\/raiz\/wp-content\/uploads\/2022\/03\/Banner_para_redes.jpg\",\"width\":960,\"height\":600},{\"@type\":\"BreadcrumbList\",\"@id\":\"https:\/\/uipba.org.ar\/raiz\/cuarta-exposicion-de-parques-industriales\/#breadcrumb\",\"itemListElement\":[{\"@type\":\"ListItem\",\"position\":1,\"name\":\"Inicio\",\"item\":\"https:\/\/uipba.org.ar\/raiz\/\"},{\"@type\":\"ListItem\",\"position\":2,\"name\":\"Cuarta Exposici\u00f3n de Parques Industriales\"}]},{\"@type\":\"WebSite\",\"@id\":\"https:\/\/uipba.org.ar\/raiz\/#website\",\"url\":\"https:\/\/uipba.org.ar\/raiz\/\",\"name\":\"UIPBA\",\"description\":\"Uni\u00f3n industrial de la provincia de Buenos Aires\",\"potentialAction\":[{\"@type\":\"SearchAction\",\"target\":{\"@type\":\"EntryPoint\",\"urlTemplate\":\"https:\/\/uipba.org.ar\/raiz\/?s={search_term_string}\"},\"query-input\":{\"@type\":\"PropertyValueSpecification\",\"valueRequired\":true,\"valueName\":\"search_term_string\"}}],\"inLanguage\":\"es\"},{\"@type\":\"Person\",\"@id\":\"https:\/\/uipba.org.ar\/raiz\/#\/schema\/person\/6d96996c17bf9a7daee07e91116c6980\",\"name\":\"uipba\",\"image\":{\"@type\":\"ImageObject\",\"inLanguage\":\"es\",\"@id\":\"https:\/\/uipba.org.ar\/raiz\/#\/schema\/person\/image\/\",\"url\":\"https:\/\/secure.gravatar.com\/avatar\/f132ba1b1a5a3d6f3cb6529cef071eedff6082ffed6f37fb7fbbf8dde5dedb6e?s=96&d=mm&r=g\",\"contentUrl\":\"https:\/\/secure.gravatar.com\/avatar\/f132ba1b1a5a3d6f3cb6529cef071eedff6082ffed6f37fb7fbbf8dde5dedb6e?s=96&d=mm&r=g\",\"caption\":\"uipba\"},\"sameAs\":[\"https:\/\/uipba.org.ar\/raiz\"],\"url\":\"https:\/\/uipba.org.ar\/raiz\/author\/uipba\/\"}]}<\/script>\n<!-- \/ Yoast SEO plugin. -->","yoast_head_json":{"title":"Cuarta Exposici\u00f3n de Parques Industriales - UIPBA","robots":{"index":"index","follow":"follow","max-snippet":"max-snippet:-1","max-image-preview":"max-image-preview:large","max-video-preview":"max-video-preview:-1"},"canonical":"https:\/\/uipba.org.ar\/raiz\/cuarta-exposicion-de-parques-industriales\/","og_locale":"es_ES","og_type":"article","og_title":"Cuarta Exposici\u00f3n de Parques Industriales - UIPBA","og_description":"La feria industrial argentina, que se realizar\u00e1 el 17 y 18 de mayo, presentar\u00e1 Parques Industriales de varias regiones del pa\u00eds. Por cuarto a\u00f1o consecutivo, la Exposici\u00f3n de Parques Industriales ... Leer m\u00e1s","og_url":"https:\/\/uipba.org.ar\/raiz\/cuarta-exposicion-de-parques-industriales\/","og_site_name":"UIPBA","article_published_time":"2018-04-19T21:19:00+00:00","article_modified_time":"2022-03-19T21:20:28+00:00","og_image":[{"width":960,"height":600,"url":"https:\/\/uipba.org.ar\/raiz\/wp-content\/uploads\/2022\/03\/Banner_para_redes.jpg","type":"image\/jpeg"}],"author":"uipba","twitter_card":"summary_large_image","twitter_misc":{"Escrito por":"uipba","Tiempo de lectura":"2 minutos"},"schema":{"@context":"https:\/\/schema.org","@graph":[{"@type":"WebPage","@id":"https:\/\/uipba.org.ar\/raiz\/cuarta-exposicion-de-parques-industriales\/","url":"https:\/\/uipba.org.ar\/raiz\/cuarta-exposicion-de-parques-industriales\/","name":"Cuarta Exposici\u00f3n de Parques Industriales - UIPBA","isPartOf":{"@id":"https:\/\/uipba.org.ar\/raiz\/#website"},"primaryImageOfPage":{"@id":"https:\/\/uipba.org.ar\/raiz\/cuarta-exposicion-de-parques-industriales\/#primaryimage"},"image":{"@id":"https:\/\/uipba.org.ar\/raiz\/cuarta-exposicion-de-parques-industriales\/#primaryimage"},"thumbnailUrl":"https:\/\/uipba.org.ar\/raiz\/wp-content\/uploads\/2022\/03\/Banner_para_redes.jpg","datePublished":"2018-04-19T21:19:00+00:00","dateModified":"2022-03-19T21:20:28+00:00","author":{"@id":"https:\/\/uipba.org.ar\/raiz\/#\/schema\/person\/6d96996c17bf9a7daee07e91116c6980"},"breadcrumb":{"@id":"https:\/\/uipba.org.ar\/raiz\/cuarta-exposicion-de-parques-industriales\/#breadcrumb"},"inLanguage":"es","potentialAction":[{"@type":"ReadAction","target":["https:\/\/uipba.org.ar\/raiz\/cuarta-exposicion-de-parques-industriales\/"]}]},{"@type":"ImageObject","inLanguage":"es","@id":"https:\/\/uipba.org.ar\/raiz\/cuarta-exposicion-de-parques-industriales\/#primaryimage","url":"https:\/\/uipba.org.ar\/raiz\/wp-content\/uploads\/2022\/03\/Banner_para_redes.jpg","contentUrl":"https:\/\/uipba.org.ar\/raiz\/wp-content\/uploads\/2022\/03\/Banner_para_redes.jpg","width":960,"height":600},{"@type":"BreadcrumbList","@id":"https:\/\/uipba.org.ar\/raiz\/cuarta-exposicion-de-parques-industriales\/#breadcrumb","itemListElement":[{"@type":"ListItem","position":1,"name":"Inicio","item":"https:\/\/uipba.org.ar\/raiz\/"},{"@type":"ListItem","position":2,"name":"Cuarta Exposici\u00f3n de Parques Industriales"}]},{"@type":"WebSite","@id":"https:\/\/uipba.org.ar\/raiz\/#website","url":"https:\/\/uipba.org.ar\/raiz\/","name":"UIPBA","description":"Uni\u00f3n industrial de la provincia de Buenos Aires","potentialAction":[{"@type":"SearchAction","target":{"@type":"EntryPoint","urlTemplate":"https:\/\/uipba.org.ar\/raiz\/?s={search_term_string}"},"query-input":{"@type":"PropertyValueSpecification","valueRequired":true,"valueName":"search_term_string"}}],"inLanguage":"es"},{"@type":"Person","@id":"https:\/\/uipba.org.ar\/raiz\/#\/schema\/person\/6d96996c17bf9a7daee07e91116c6980","name":"uipba","image":{"@type":"ImageObject","inLanguage":"es","@id":"https:\/\/uipba.org.ar\/raiz\/#\/schema\/person\/image\/","url":"https:\/\/secure.gravatar.com\/avatar\/f132ba1b1a5a3d6f3cb6529cef071eedff6082ffed6f37fb7fbbf8dde5dedb6e?s=96&d=mm&r=g","contentUrl":"https:\/\/secure.gravatar.com\/avatar\/f132ba1b1a5a3d6f3cb6529cef071eedff6082ffed6f37fb7fbbf8dde5dedb6e?s=96&d=mm&r=g","caption":"uipba"},"sameAs":["https:\/\/uipba.org.ar\/raiz"],"url":"https:\/\/uipba.org.ar\/raiz\/author\/uipba\/"}]}},"_links":{"self":[{"href":"https:\/\/uipba.org.ar\/raiz\/wp-json\/wp\/v2\/posts\/691","targetHints":{"allow":["GET"]}}],"collection":[{"href":"https:\/\/uipba.org.ar\/raiz\/wp-json\/wp\/v2\/posts"}],"about":[{"href":"https:\/\/uipba.org.ar\/raiz\/wp-json\/wp\/v2\/types\/post"}],"author":[{"embeddable":true,"href":"https:\/\/uipba.org.ar\/raiz\/wp-json\/wp\/v2\/users\/1"}],"replies":[{"embeddable":true,"href":"https:\/\/uipba.org.ar\/raiz\/wp-json\/wp\/v2\/comments?post=691"}],"version-history":[{"count":1,"href":"https:\/\/uipba.org.ar\/raiz\/wp-json\/wp\/v2\/posts\/691\/revisions"}],"predecessor-version":[{"id":693,"href":"https:\/\/uipba.org.ar\/raiz\/wp-json\/wp\/v2\/posts\/691\/revisions\/693"}],"wp:featuredmedia":[{"embeddable":true,"href":"https:\/\/uipba.org.ar\/raiz\/wp-json\/wp\/v2\/media\/692"}],"wp:attachment":[{"href":"https:\/\/uipba.org.ar\/raiz\/wp-json\/wp\/v2\/media?parent=691"}],"wp:term":[{"taxonomy":"category","embeddable":true,"href":"https:\/\/uipba.org.ar\/raiz\/wp-json\/wp\/v2\/categories?post=691"},{"taxonomy":"post_tag","embeddable":true,"href":"https:\/\/uipba.org.ar\/raiz\/wp-json\/wp\/v2\/tags?post=691"}],"curies":[{"name":"wp","href":"https:\/\/api.w.org\/{rel}","templated":true}]}}