{"id":698,"date":"2018-04-26T21:35:00","date_gmt":"2018-04-26T21:35:00","guid":{"rendered":"https:\/\/uipba.org.ar\/?p=698"},"modified":"2022-03-19T21:37:57","modified_gmt":"2022-03-19T21:37:57","slug":"la-uipba-se-reunio-con-arba","status":"publish","type":"post","link":"https:\/\/uipba.org.ar\/raiz\/la-uipba-se-reunio-con-arba\/","title":{"rendered":"La UIPBA se reuni\u00f3 con ARBA"},"content":{"rendered":"\n<p>El mi\u00e9rcoles 18 de abril las autoridades de la Uni\u00f3n Industrial de la Provincia de Buenos Aires (UIPBA) se reunieron con sus pares de la Agencia de Recaudaci\u00f3n de la Provincia de Buenos Aires (ARBA).<\/p>\n\n\n\n<p>Uno de los temas tratados fue el r\u00e9gimen de retenci\u00f3n y percepci\u00f3n, la normativa vigente para realizar embargos y la problem\u00e1tica de los saldos a favor de ingresos brutos.<\/p>\n\n\n\n<p>Los presentes por ARBA fueron: Walter D&#8217;Angela, Subdirector Ejecutivo de Recaudaci\u00f3n y Catastro; Hern\u00e1n Garc\u00eda Zu\u00f1iga, Gerente General de Recaudaci\u00f3n; Alfredo Rizzo, Gerente General de Cobranzas; Ariel Gallina, Subgerente Administraci\u00f3n de Sistemas de Recaudaci\u00f3n y Alejandro Martinez Villera, Asesor del Subdirector Ejecutivo.<br><br>Mientras que, por UIPBA, dijeron presentes: Aldo Esposito, Vicepresidente 2\u00b0; Miguel Angel Callelo, Vicepresidente 3\u00b0; Leonardo Rial, Vicepresidente 5\u00b0 y el enlace de Comit\u00e9 Ejecutiva de Departamento Econom\u00eda, Politica Tributaria y Comercio, y Valeria Petrucci, Presidente del Departamento Econom\u00eda, Politica Tributaria y Comercio.<\/p>\n\n\n\n<p><a href=\"https:\/\/uipba.org.ar\/raiz\/wp-content\/uploads\/2022\/03\/Agenda__ARBA_16-03-18.docx\" target=\"_blank\" rel=\"noreferrer noopener\">\u00a0Agenda.docx<\/a><a rel=\"noreferrer noopener\" href=\"https:\/\/storage.waw.cloud.ovh.net\/v1\/AUTH_d123aea548ce47709f1c487f8890d4d9\/uipba\/documents\/anuario-2019.pdf\" target=\"_blank\"><\/a><a rel=\"noreferrer noopener\" href=\"https:\/\/php.uipba.org.ar\/\" target=\"_blank\"><\/a><\/p>\n","protected":false},"excerpt":{"rendered":"<p>El mi\u00e9rcoles 18 de abril las autoridades de la Uni\u00f3n Industrial de la Provincia de Buenos Aires (UIPBA) se reunieron con sus pares de la Agencia de Recaudaci\u00f3n de la &#8230; <a title=\"La UIPBA se reuni\u00f3 con ARBA\" class=\"read-more\" href=\"https:\/\/uipba.org.ar\/raiz\/la-uipba-se-reunio-con-arba\/\" aria-label=\"M\u00e1s en La UIPBA se reuni\u00f3 con ARBA\">Leer m\u00e1s<\/a><\/p>\n","protected":false},"author":1,"featured_media":700,"comment_status":"open","ping_status":"open","sticky":false,"template":"","format":"standard","meta":{"_acf_changed":false,"footnotes":""},"categories":[25,18],"tags":[],"class_list":["post-698","post","type-post","status-publish","format-standard","has-post-thumbnail","hentry","category-departamentos","category-politica-tributaria"],"acf":[],"yoast_head":"<!-- This site is optimized with the Yoast SEO plugin v25.2 - https:\/\/yoast.com\/wordpress\/plugins\/seo\/ -->\n<title>La UIPBA se reuni\u00f3 con ARBA - UIPBA<\/title>\n<meta name=\"robots\" content=\"index, follow, max-snippet:-1, max-image-preview:large, max-video-preview:-1\" \/>\n<link rel=\"canonical\" href=\"https:\/\/uipba.org.ar\/raiz\/la-uipba-se-reunio-con-arba\/\" \/>\n<meta property=\"og:locale\" content=\"es_ES\" \/>\n<meta property=\"og:type\" content=\"article\" \/>\n<meta property=\"og:title\" content=\"La UIPBA se reuni\u00f3 con ARBA - UIPBA\" \/>\n<meta property=\"og:description\" content=\"El mi\u00e9rcoles 18 de abril las autoridades de la Uni\u00f3n Industrial de la Provincia de Buenos Aires (UIPBA) se reunieron con sus pares de la Agencia de Recaudaci\u00f3n de la ... Leer m\u00e1s\" \/>\n<meta property=\"og:url\" content=\"https:\/\/uipba.org.ar\/raiz\/la-uipba-se-reunio-con-arba\/\" \/>\n<meta property=\"og:site_name\" content=\"UIPBA\" \/>\n<meta property=\"article:published_time\" content=\"2018-04-26T21:35:00+00:00\" \/>\n<meta property=\"article:modified_time\" content=\"2022-03-19T21:37:57+00:00\" \/>\n<meta property=\"og:image\" content=\"https:\/\/uipba.org.ar\/raiz\/wp-content\/uploads\/2022\/03\/WhatsApp_Image_2018-04-25_at_10.53.13.jpeg\" \/>\n\t<meta property=\"og:image:width\" content=\"1040\" \/>\n\t<meta property=\"og:image:height\" content=\"780\" \/>\n\t<meta property=\"og:image:type\" content=\"image\/jpeg\" \/>\n<meta name=\"author\" content=\"uipba\" \/>\n<meta name=\"twitter:card\" content=\"summary_large_image\" \/>\n<meta name=\"twitter:label1\" content=\"Escrito por\" \/>\n\t<meta name=\"twitter:data1\" content=\"uipba\" \/>\n\t<meta name=\"twitter:label2\" content=\"Tiempo de lectura\" \/>\n\t<meta name=\"twitter:data2\" content=\"1 minuto\" \/>\n<script type=\"application\/ld+json\" class=\"yoast-schema-graph\">{\"@context\":\"https:\/\/schema.org\",\"@graph\":[{\"@type\":\"WebPage\",\"@id\":\"https:\/\/uipba.org.ar\/raiz\/la-uipba-se-reunio-con-arba\/\",\"url\":\"https:\/\/uipba.org.ar\/raiz\/la-uipba-se-reunio-con-arba\/\",\"name\":\"La UIPBA se reuni\u00f3 con ARBA - UIPBA\",\"isPartOf\":{\"@id\":\"https:\/\/uipba.org.ar\/raiz\/#website\"},\"primaryImageOfPage\":{\"@id\":\"https:\/\/uipba.org.ar\/raiz\/la-uipba-se-reunio-con-arba\/#primaryimage\"},\"image\":{\"@id\":\"https:\/\/uipba.org.ar\/raiz\/la-uipba-se-reunio-con-arba\/#primaryimage\"},\"thumbnailUrl\":\"https:\/\/uipba.org.ar\/raiz\/wp-content\/uploads\/2022\/03\/WhatsApp_Image_2018-04-25_at_10.53.13.jpeg\",\"datePublished\":\"2018-04-26T21:35:00+00:00\",\"dateModified\":\"2022-03-19T21:37:57+00:00\",\"author\":{\"@id\":\"https:\/\/uipba.org.ar\/raiz\/#\/schema\/person\/6d96996c17bf9a7daee07e91116c6980\"},\"breadcrumb\":{\"@id\":\"https:\/\/uipba.org.ar\/raiz\/la-uipba-se-reunio-con-arba\/#breadcrumb\"},\"inLanguage\":\"es\",\"potentialAction\":[{\"@type\":\"ReadAction\",\"target\":[\"https:\/\/uipba.org.ar\/raiz\/la-uipba-se-reunio-con-arba\/\"]}]},{\"@type\":\"ImageObject\",\"inLanguage\":\"es\",\"@id\":\"https:\/\/uipba.org.ar\/raiz\/la-uipba-se-reunio-con-arba\/#primaryimage\",\"url\":\"https:\/\/uipba.org.ar\/raiz\/wp-content\/uploads\/2022\/03\/WhatsApp_Image_2018-04-25_at_10.53.13.jpeg\",\"contentUrl\":\"https:\/\/uipba.org.ar\/raiz\/wp-content\/uploads\/2022\/03\/WhatsApp_Image_2018-04-25_at_10.53.13.jpeg\",\"width\":1040,\"height\":780},{\"@type\":\"BreadcrumbList\",\"@id\":\"https:\/\/uipba.org.ar\/raiz\/la-uipba-se-reunio-con-arba\/#breadcrumb\",\"itemListElement\":[{\"@type\":\"ListItem\",\"position\":1,\"name\":\"Inicio\",\"item\":\"https:\/\/uipba.org.ar\/raiz\/\"},{\"@type\":\"ListItem\",\"position\":2,\"name\":\"La UIPBA se reuni\u00f3 con ARBA\"}]},{\"@type\":\"WebSite\",\"@id\":\"https:\/\/uipba.org.ar\/raiz\/#website\",\"url\":\"https:\/\/uipba.org.ar\/raiz\/\",\"name\":\"UIPBA\",\"description\":\"Uni\u00f3n industrial de la provincia de Buenos Aires\",\"potentialAction\":[{\"@type\":\"SearchAction\",\"target\":{\"@type\":\"EntryPoint\",\"urlTemplate\":\"https:\/\/uipba.org.ar\/raiz\/?s={search_term_string}\"},\"query-input\":{\"@type\":\"PropertyValueSpecification\",\"valueRequired\":true,\"valueName\":\"search_term_string\"}}],\"inLanguage\":\"es\"},{\"@type\":\"Person\",\"@id\":\"https:\/\/uipba.org.ar\/raiz\/#\/schema\/person\/6d96996c17bf9a7daee07e91116c6980\",\"name\":\"uipba\",\"image\":{\"@type\":\"ImageObject\",\"inLanguage\":\"es\",\"@id\":\"https:\/\/uipba.org.ar\/raiz\/#\/schema\/person\/image\/\",\"url\":\"https:\/\/secure.gravatar.com\/avatar\/f132ba1b1a5a3d6f3cb6529cef071eedff6082ffed6f37fb7fbbf8dde5dedb6e?s=96&d=mm&r=g\",\"contentUrl\":\"https:\/\/secure.gravatar.com\/avatar\/f132ba1b1a5a3d6f3cb6529cef071eedff6082ffed6f37fb7fbbf8dde5dedb6e?s=96&d=mm&r=g\",\"caption\":\"uipba\"},\"sameAs\":[\"https:\/\/uipba.org.ar\/raiz\"],\"url\":\"https:\/\/uipba.org.ar\/raiz\/author\/uipba\/\"}]}<\/script>\n<!-- \/ Yoast SEO plugin. -->","yoast_head_json":{"title":"La UIPBA se reuni\u00f3 con ARBA - UIPBA","robots":{"index":"index","follow":"follow","max-snippet":"max-snippet:-1","max-image-preview":"max-image-preview:large","max-video-preview":"max-video-preview:-1"},"canonical":"https:\/\/uipba.org.ar\/raiz\/la-uipba-se-reunio-con-arba\/","og_locale":"es_ES","og_type":"article","og_title":"La UIPBA se reuni\u00f3 con ARBA - UIPBA","og_description":"El mi\u00e9rcoles 18 de abril las autoridades de la Uni\u00f3n Industrial de la Provincia de Buenos Aires (UIPBA) se reunieron con sus pares de la Agencia de Recaudaci\u00f3n de la ... Leer m\u00e1s","og_url":"https:\/\/uipba.org.ar\/raiz\/la-uipba-se-reunio-con-arba\/","og_site_name":"UIPBA","article_published_time":"2018-04-26T21:35:00+00:00","article_modified_time":"2022-03-19T21:37:57+00:00","og_image":[{"width":1040,"height":780,"url":"https:\/\/uipba.org.ar\/raiz\/wp-content\/uploads\/2022\/03\/WhatsApp_Image_2018-04-25_at_10.53.13.jpeg","type":"image\/jpeg"}],"author":"uipba","twitter_card":"summary_large_image","twitter_misc":{"Escrito por":"uipba","Tiempo de lectura":"1 minuto"},"schema":{"@context":"https:\/\/schema.org","@graph":[{"@type":"WebPage","@id":"https:\/\/uipba.org.ar\/raiz\/la-uipba-se-reunio-con-arba\/","url":"https:\/\/uipba.org.ar\/raiz\/la-uipba-se-reunio-con-arba\/","name":"La UIPBA se reuni\u00f3 con ARBA - UIPBA","isPartOf":{"@id":"https:\/\/uipba.org.ar\/raiz\/#website"},"primaryImageOfPage":{"@id":"https:\/\/uipba.org.ar\/raiz\/la-uipba-se-reunio-con-arba\/#primaryimage"},"image":{"@id":"https:\/\/uipba.org.ar\/raiz\/la-uipba-se-reunio-con-arba\/#primaryimage"},"thumbnailUrl":"https:\/\/uipba.org.ar\/raiz\/wp-content\/uploads\/2022\/03\/WhatsApp_Image_2018-04-25_at_10.53.13.jpeg","datePublished":"2018-04-26T21:35:00+00:00","dateModified":"2022-03-19T21:37:57+00:00","author":{"@id":"https:\/\/uipba.org.ar\/raiz\/#\/schema\/person\/6d96996c17bf9a7daee07e91116c6980"},"breadcrumb":{"@id":"https:\/\/uipba.org.ar\/raiz\/la-uipba-se-reunio-con-arba\/#breadcrumb"},"inLanguage":"es","potentialAction":[{"@type":"ReadAction","target":["https:\/\/uipba.org.ar\/raiz\/la-uipba-se-reunio-con-arba\/"]}]},{"@type":"ImageObject","inLanguage":"es","@id":"https:\/\/uipba.org.ar\/raiz\/la-uipba-se-reunio-con-arba\/#primaryimage","url":"https:\/\/uipba.org.ar\/raiz\/wp-content\/uploads\/2022\/03\/WhatsApp_Image_2018-04-25_at_10.53.13.jpeg","contentUrl":"https:\/\/uipba.org.ar\/raiz\/wp-content\/uploads\/2022\/03\/WhatsApp_Image_2018-04-25_at_10.53.13.jpeg","width":1040,"height":780},{"@type":"BreadcrumbList","@id":"https:\/\/uipba.org.ar\/raiz\/la-uipba-se-reunio-con-arba\/#breadcrumb","itemListElement":[{"@type":"ListItem","position":1,"name":"Inicio","item":"https:\/\/uipba.org.ar\/raiz\/"},{"@type":"ListItem","position":2,"name":"La UIPBA se reuni\u00f3 con ARBA"}]},{"@type":"WebSite","@id":"https:\/\/uipba.org.ar\/raiz\/#website","url":"https:\/\/uipba.org.ar\/raiz\/","name":"UIPBA","description":"Uni\u00f3n industrial de la provincia de Buenos Aires","potentialAction":[{"@type":"SearchAction","target":{"@type":"EntryPoint","urlTemplate":"https:\/\/uipba.org.ar\/raiz\/?s={search_term_string}"},"query-input":{"@type":"PropertyValueSpecification","valueRequired":true,"valueName":"search_term_string"}}],"inLanguage":"es"},{"@type":"Person","@id":"https:\/\/uipba.org.ar\/raiz\/#\/schema\/person\/6d96996c17bf9a7daee07e91116c6980","name":"uipba","image":{"@type":"ImageObject","inLanguage":"es","@id":"https:\/\/uipba.org.ar\/raiz\/#\/schema\/person\/image\/","url":"https:\/\/secure.gravatar.com\/avatar\/f132ba1b1a5a3d6f3cb6529cef071eedff6082ffed6f37fb7fbbf8dde5dedb6e?s=96&d=mm&r=g","contentUrl":"https:\/\/secure.gravatar.com\/avatar\/f132ba1b1a5a3d6f3cb6529cef071eedff6082ffed6f37fb7fbbf8dde5dedb6e?s=96&d=mm&r=g","caption":"uipba"},"sameAs":["https:\/\/uipba.org.ar\/raiz"],"url":"https:\/\/uipba.org.ar\/raiz\/author\/uipba\/"}]}},"_links":{"self":[{"href":"https:\/\/uipba.org.ar\/raiz\/wp-json\/wp\/v2\/posts\/698","targetHints":{"allow":["GET"]}}],"collection":[{"href":"https:\/\/uipba.org.ar\/raiz\/wp-json\/wp\/v2\/posts"}],"about":[{"href":"https:\/\/uipba.org.ar\/raiz\/wp-json\/wp\/v2\/types\/post"}],"author":[{"embeddable":true,"href":"https:\/\/uipba.org.ar\/raiz\/wp-json\/wp\/v2\/users\/1"}],"replies":[{"embeddable":true,"href":"https:\/\/uipba.org.ar\/raiz\/wp-json\/wp\/v2\/comments?post=698"}],"version-history":[{"count":1,"href":"https:\/\/uipba.org.ar\/raiz\/wp-json\/wp\/v2\/posts\/698\/revisions"}],"predecessor-version":[{"id":701,"href":"https:\/\/uipba.org.ar\/raiz\/wp-json\/wp\/v2\/posts\/698\/revisions\/701"}],"wp:featuredmedia":[{"embeddable":true,"href":"https:\/\/uipba.org.ar\/raiz\/wp-json\/wp\/v2\/media\/700"}],"wp:attachment":[{"href":"https:\/\/uipba.org.ar\/raiz\/wp-json\/wp\/v2\/media?parent=698"}],"wp:term":[{"taxonomy":"category","embeddable":true,"href":"https:\/\/uipba.org.ar\/raiz\/wp-json\/wp\/v2\/categories?post=698"},{"taxonomy":"post_tag","embeddable":true,"href":"https:\/\/uipba.org.ar\/raiz\/wp-json\/wp\/v2\/tags?post=698"}],"curies":[{"name":"wp","href":"https:\/\/api.w.org\/{rel}","templated":true}]}}